{"id":1053,"date":"2018-02-10T15:18:38","date_gmt":"2018-02-10T13:18:38","guid":{"rendered":"http:\/\/www.schmiedeinnung-chemnitz.de\/?p=1053"},"modified":"2018-02-10T15:19:47","modified_gmt":"2018-02-10T13:19:47","slug":"rund-ist-die-welt-drum-brueder-lasst-uns-reisen","status":"publish","type":"post","link":"https:\/\/www.schmiedeinnung-chemnitz.de\/?p=1053","title":{"rendered":"RUND IST DIE WELT \u2013 DRUM BR\u00dcDER LASST UNS REISEN"},"content":{"rendered":"<p> Der Wandergeselle e.F.V.D. Jakob Oph\u00fcls berichtet zum Fachabend im Februar 2018 \u00fcber seine Wanderschaft und die Handwerkstradition der Walz.<\/p>\n<p><a href=\"http:\/\/www.schmiedeinnung-chemnitz.de\/wp-content\/uploads\/2018\/02\/1.-Fachabend-02-2018.jpg\"><img decoding=\"async\" loading=\"lazy\" src=\"http:\/\/www.schmiedeinnung-chemnitz.de\/wp-content\/uploads\/2018\/02\/1.-Fachabend-02-2018-575x1024.jpg\" alt=\"\" width=\"575\" height=\"1024\" class=\"aligncenter size-large wp-image-1057\" srcset=\"https:\/\/www.schmiedeinnung-chemnitz.de\/wp-content\/uploads\/2018\/02\/1.-Fachabend-02-2018-575x1024.jpg 575w, https:\/\/www.schmiedeinnung-chemnitz.de\/wp-content\/uploads\/2018\/02\/1.-Fachabend-02-2018-168x300.jpg 168w, https:\/\/www.schmiedeinnung-chemnitz.de\/wp-content\/uploads\/2018\/02\/1.-Fachabend-02-2018-768x1368.jpg 768w, https:\/\/www.schmiedeinnung-chemnitz.de\/wp-content\/uploads\/2018\/02\/1.-Fachabend-02-2018.jpg 1150w\" sizes=\"(max-width: 575px) 100vw, 575px\" \/><\/a><\/p>\n<p><a href=\"http:\/\/www.schmiedeinnung-chemnitz.de\/wp-content\/uploads\/2018\/02\/2.-Fachabend-02-2018..jpg\"><img decoding=\"async\" loading=\"lazy\" src=\"http:\/\/www.schmiedeinnung-chemnitz.de\/wp-content\/uploads\/2018\/02\/2.-Fachabend-02-2018.-1024x575.jpg\" alt=\"\" width=\"600\" height=\"337\" class=\"aligncenter size-large wp-image-1056\" srcset=\"https:\/\/www.schmiedeinnung-chemnitz.de\/wp-content\/uploads\/2018\/02\/2.-Fachabend-02-2018.-1024x575.jpg 1024w, https:\/\/www.schmiedeinnung-chemnitz.de\/wp-content\/uploads\/2018\/02\/2.-Fachabend-02-2018.-300x168.jpg 300w, https:\/\/www.schmiedeinnung-chemnitz.de\/wp-content\/uploads\/2018\/02\/2.-Fachabend-02-2018.-768x431.jpg 768w, https:\/\/www.schmiedeinnung-chemnitz.de\/wp-content\/uploads\/2018\/02\/2.-Fachabend-02-2018..jpg 2048w\" sizes=\"(max-width: 600px) 100vw, 600px\" \/><\/a><\/p>\n<p><a href=\"http:\/\/www.schmiedeinnung-chemnitz.de\/wp-content\/uploads\/2018\/02\/3.-Fachabend-02-2018.jpg\"><img decoding=\"async\" loading=\"lazy\" src=\"http:\/\/www.schmiedeinnung-chemnitz.de\/wp-content\/uploads\/2018\/02\/3.-Fachabend-02-2018-1024x575.jpg\" alt=\"\" width=\"600\" height=\"337\" class=\"aligncenter size-large wp-image-1055\" srcset=\"https:\/\/www.schmiedeinnung-chemnitz.de\/wp-content\/uploads\/2018\/02\/3.-Fachabend-02-2018-1024x575.jpg 1024w, https:\/\/www.schmiedeinnung-chemnitz.de\/wp-content\/uploads\/2018\/02\/3.-Fachabend-02-2018-300x168.jpg 300w, https:\/\/www.schmiedeinnung-chemnitz.de\/wp-content\/uploads\/2018\/02\/3.-Fachabend-02-2018-768x431.jpg 768w, https:\/\/www.schmiedeinnung-chemnitz.de\/wp-content\/uploads\/2018\/02\/3.-Fachabend-02-2018.jpg 2048w\" sizes=\"(max-width: 600px) 100vw, 600px\" \/><\/a><\/p>\n<p><a href=\"http:\/\/www.schmiedeinnung-chemnitz.de\/wp-content\/uploads\/2018\/02\/4.-Fachabend-02-2018.jpg\"><img decoding=\"async\" loading=\"lazy\" src=\"http:\/\/www.schmiedeinnung-chemnitz.de\/wp-content\/uploads\/2018\/02\/4.-Fachabend-02-2018-1024x575.jpg\" alt=\"\" width=\"600\" height=\"337\" class=\"aligncenter size-large wp-image-1054\" srcset=\"https:\/\/www.schmiedeinnung-chemnitz.de\/wp-content\/uploads\/2018\/02\/4.-Fachabend-02-2018-1024x575.jpg 1024w, https:\/\/www.schmiedeinnung-chemnitz.de\/wp-content\/uploads\/2018\/02\/4.-Fachabend-02-2018-300x168.jpg 300w, https:\/\/www.schmiedeinnung-chemnitz.de\/wp-content\/uploads\/2018\/02\/4.-Fachabend-02-2018-768x431.jpg 768w, https:\/\/www.schmiedeinnung-chemnitz.de\/wp-content\/uploads\/2018\/02\/4.-Fachabend-02-2018.jpg 2048w\" sizes=\"(max-width: 600px) 100vw, 600px\" \/><\/a><\/p>\n","protected":false},"excerpt":{"rendered":"<p>Der Wandergeselle e.F.V.D. Jakob Oph\u00fcls berichtet zum Fachabend im Februar 2018 \u00fcber seine Wanderschaft und die Handwerkstradition der Walz.<\/p>\n","protected":false},"author":7,"featured_media":1054,"comment_status":"closed","ping_status":"closed","sticky":false,"template":"","format":"standard","meta":{"footnotes":""},"categories":[1],"tags":[],"_links":{"self":[{"href":"https:\/\/www.schmiedeinnung-chemnitz.de\/index.php?rest_route=\/wp\/v2\/posts\/1053"}],"collection":[{"href":"https:\/\/www.schmiedeinnung-chemnitz.de\/index.php?rest_route=\/wp\/v2\/posts"}],"about":[{"href":"https:\/\/www.schmiedeinnung-chemnitz.de\/index.php?rest_route=\/wp\/v2\/types\/post"}],"author":[{"embeddable":true,"href":"https:\/\/www.schmiedeinnung-chemnitz.de\/index.php?rest_route=\/wp\/v2\/users\/7"}],"replies":[{"embeddable":true,"href":"https:\/\/www.schmiedeinnung-chemnitz.de\/index.php?rest_route=%2Fwp%2Fv2%2Fcomments&post=1053"}],"version-history":[{"count":1,"href":"https:\/\/www.schmiedeinnung-chemnitz.de\/index.php?rest_route=\/wp\/v2\/posts\/1053\/revisions"}],"predecessor-version":[{"id":1058,"href":"https:\/\/www.schmiedeinnung-chemnitz.de\/index.php?rest_route=\/wp\/v2\/posts\/1053\/revisions\/1058"}],"wp:featuredmedia":[{"embeddable":true,"href":"https:\/\/www.schmiedeinnung-chemnitz.de\/index.php?rest_route=\/wp\/v2\/media\/1054"}],"wp:attachment":[{"href":"https:\/\/www.schmiedeinnung-chemnitz.de\/index.php?rest_route=%2Fwp%2Fv2%2Fmedia&parent=1053"}],"wp:term":[{"taxonomy":"category","embeddable":true,"href":"https:\/\/www.schmiedeinnung-chemnitz.de\/index.php?rest_route=%2Fwp%2Fv2%2Fcategories&post=1053"},{"taxonomy":"post_tag","embeddable":true,"href":"https:\/\/www.schmiedeinnung-chemnitz.de\/index.php?rest_route=%2Fwp%2Fv2%2Ftags&post=1053"}],"curies":[{"name":"wp","href":"https:\/\/api.w.org\/{rel}","templated":true}]}}